{"id":6565,"date":"2020-09-16T10:45:29","date_gmt":"2020-09-16T08:45:29","guid":{"rendered":"https:\/\/www.kenial.de\/de\/?p=6565"},"modified":"2020-09-16T10:57:59","modified_gmt":"2020-09-16T08:57:59","slug":"kinder-in-rumaenien","status":"publish","type":"post","link":"https:\/\/www.kenial.de\/de\/kinder-in-rumaenien\/","title":{"rendered":"Kinder in Rum\u00e4nien"},"content":{"rendered":"Keniale Gr\u00fc\u00dfe aus Timisoara, Rum\u00e4nien. Dank der Hilfe von Elli und Helmut gab es f\u00fcr die Kinder des \u00f6rtlichen Kinderheimes, f\u00fcr ein Frauenhaus und die Kinder der Tagesst\u00e4tte der Caritas warme Jacken und Shirts, f\u00fcr die Kinder. Danke an Sch\u00f6ffel und den Deutschen Alpenverein f\u00fcr die Unterst\u00fctzung des kenialen Projektes. Und Dank Susanne, den rennenden Engel, f\u00fcr die sch\u00f6nen Rucks\u00e4cke!<\/p>\n<p><img loading=\"lazy\" decoding=\"async\" src=\"https:\/\/www.kenial.de\/wp-content\/uploads\/2020\/09\/85812924-16a3-462c-8aec-0caf5c6bb46b.jpg\" alt=\"\" width=\"672\" height=\"876\" class=\"alignnone size-full wp-image-6568\" srcset=\"https:\/\/www.kenial.de\/wp-content\/uploads\/2020\/09\/85812924-16a3-462c-8aec-0caf5c6bb46b.jpg 672w, https:\/\/www.kenial.de\/wp-content\/uploads\/2020\/09\/85812924-16a3-462c-8aec-0caf5c6bb46b-491x640.jpg 491w, https:\/\/www.kenial.de\/wp-content\/uploads\/2020\/09\/85812924-16a3-462c-8aec-0caf5c6bb46b-600x782.jpg 600w\" sizes=\"auto, (max-width: 672px) 100vw, 672px\" \/><\/p>\n<p><img loading=\"lazy\" decoding=\"async\" src=\"https:\/\/www.kenial.de\/wp-content\/uploads\/2020\/09\/49d0c383-4e94-48e1-8af6-9e5302dd9a17_1.jpg\" alt=\"\" width=\"451\" height=\"582\" class=\"alignnone size-full wp-image-6569\" \/><\/p>\n<p><img loading=\"lazy\" decoding=\"async\" src=\"https:\/\/www.kenial.de\/wp-content\/uploads\/2020\/09\/85cbaae0-9061-4c12-8d94-bb99cb454940_1.jpg\" alt=\"\" width=\"618\" height=\"838\" class=\"alignnone size-full wp-image-6570\" srcset=\"https:\/\/www.kenial.de\/wp-content\/uploads\/2020\/09\/85cbaae0-9061-4c12-8d94-bb99cb454940_1.jpg 618w, https:\/\/www.kenial.de\/wp-content\/uploads\/2020\/09\/85cbaae0-9061-4c12-8d94-bb99cb454940_1-472x640.jpg 472w, https:\/\/www.kenial.de\/wp-content\/uploads\/2020\/09\/85cbaae0-9061-4c12-8d94-bb99cb454940_1-600x814.jpg 600w\" sizes=\"auto, (max-width: 618px) 100vw, 618px\" \/><\/p>\n<p><img loading=\"lazy\" decoding=\"async\" src=\"https:\/\/www.kenial.de\/wp-content\/uploads\/2020\/09\/6e5b1916-9b23-4fb7-bbea-0769698436b8.jpg\" alt=\"\" width=\"1200\" height=\"1600\" class=\"alignnone size-full wp-image-6571\" srcset=\"https:\/\/www.kenial.de\/wp-content\/uploads\/2020\/09\/6e5b1916-9b23-4fb7-bbea-0769698436b8.jpg 1200w, https:\/\/www.kenial.de\/wp-content\/uploads\/2020\/09\/6e5b1916-9b23-4fb7-bbea-0769698436b8-480x640.jpg 480w, https:\/\/www.kenial.de\/wp-content\/uploads\/2020\/09\/6e5b1916-9b23-4fb7-bbea-0769698436b8-768x1024.jpg 768w, https:\/\/www.kenial.de\/wp-content\/uploads\/2020\/09\/6e5b1916-9b23-4fb7-bbea-0769698436b8-1152x1536.jpg 1152w, https:\/\/www.kenial.de\/wp-content\/uploads\/2020\/09\/6e5b1916-9b23-4fb7-bbea-0769698436b8-800x1067.jpg 800w, https:\/\/www.kenial.de\/wp-content\/uploads\/2020\/09\/6e5b1916-9b23-4fb7-bbea-0769698436b8-600x800.jpg 600w\" sizes=\"auto, (max-width: 1200px) 100vw, 1200px\" \/><\/p>\n<p><img loading=\"lazy\" decoding=\"async\" src=\"https:\/\/www.kenial.de\/wp-content\/uploads\/2020\/09\/0c83b5d5-d2c4-43b0-abd3-15547ce39513.jpg\" alt=\"\" width=\"1024\" height=\"768\" class=\"alignnone size-full wp-image-6572\" srcset=\"https:\/\/www.kenial.de\/wp-content\/uploads\/2020\/09\/0c83b5d5-d2c4-43b0-abd3-15547ce39513.jpg 1024w, https:\/\/www.kenial.de\/wp-content\/uploads\/2020\/09\/0c83b5d5-d2c4-43b0-abd3-15547ce39513-640x480.jpg 640w, https:\/\/www.kenial.de\/wp-content\/uploads\/2020\/09\/0c83b5d5-d2c4-43b0-abd3-15547ce39513-768x576.jpg 768w, https:\/\/www.kenial.de\/wp-content\/uploads\/2020\/09\/0c83b5d5-d2c4-43b0-abd3-15547ce39513-800x600.jpg 800w, https:\/\/www.kenial.de\/wp-content\/uploads\/2020\/09\/0c83b5d5-d2c4-43b0-abd3-15547ce39513-600x450.jpg 600w\" sizes=\"auto, (max-width: 1024px) 100vw, 1024px\" \/><\/p>\n<p><img loading=\"lazy\" decoding=\"async\" src=\"https:\/\/www.kenial.de\/wp-content\/uploads\/2020\/09\/ad8a23ef-e2e7-4582-aae6-97c9ba3f4246_1.jpg\" alt=\"\" width=\"499\" height=\"617\" class=\"alignnone size-full wp-image-6567\" \/>","protected":false},"excerpt":{"rendered":"<p>Keniale Gr\u00fc\u00dfe aus Timisoara, Rum\u00e4nien. Dank der Hilfe von Elli und Helmut gab es f\u00fcr die Kinder des \u00f6rtlichen Kinderheimes, f\u00fcr ein Frauenhaus und die Kinder der Tagesst\u00e4tte der Caritas warme Jacken und Shirts, f\u00fcr die Kinder. Danke an Sch\u00f6ffel und den Deutschen Alpenverein f\u00fcr die Unterst\u00fctzung des kenialen Projektes. Und Dank Susanne, den rennenden&hellip;<\/p>\n","protected":false},"author":1,"featured_media":6566,"comment_status":"closed","ping_status":"closed","sticky":false,"template":"","format":"standard","meta":{"footnotes":""},"categories":[1],"tags":[259],"class_list":["post-6565","post","type-post","status-publish","format-standard","has-post-thumbnail","hentry","category-allgemein","tag-romania-schoeffel-dav"],"_links":{"self":[{"href":"https:\/\/www.kenial.de\/de\/wp-json\/wp\/v2\/posts\/6565","targetHints":{"allow":["GET"]}}],"collection":[{"href":"https:\/\/www.kenial.de\/de\/wp-json\/wp\/v2\/posts"}],"about":[{"href":"https:\/\/www.kenial.de\/de\/wp-json\/wp\/v2\/types\/post"}],"author":[{"embeddable":true,"href":"https:\/\/www.kenial.de\/de\/wp-json\/wp\/v2\/users\/1"}],"replies":[{"embeddable":true,"href":"https:\/\/www.kenial.de\/de\/wp-json\/wp\/v2\/comments?post=6565"}],"version-history":[{"count":0,"href":"https:\/\/www.kenial.de\/de\/wp-json\/wp\/v2\/posts\/6565\/revisions"}],"wp:featuredmedia":[{"embeddable":true,"href":"https:\/\/www.kenial.de\/de\/wp-json\/wp\/v2\/media\/6566"}],"wp:attachment":[{"href":"https:\/\/www.kenial.de\/de\/wp-json\/wp\/v2\/media?parent=6565"}],"wp:term":[{"taxonomy":"category","embeddable":true,"href":"https:\/\/www.kenial.de\/de\/wp-json\/wp\/v2\/categories?post=6565"},{"taxonomy":"post_tag","embeddable":true,"href":"https:\/\/www.kenial.de\/de\/wp-json\/wp\/v2\/tags?post=6565"}],"curies":[{"name":"wp","href":"https:\/\/api.w.org\/{rel}","templated":true}]}}