{"id":5322,"date":"2019-05-04T22:54:50","date_gmt":"2019-05-04T20:54:50","guid":{"rendered":"https:\/\/www.kenial.de\/de\/?p=5322"},"modified":"2019-05-04T23:01:17","modified_gmt":"2019-05-04T21:01:17","slug":"taschikistan-2019","status":"publish","type":"post","link":"https:\/\/www.kenial.de\/de\/taschikistan-2019\/","title":{"rendered":"Taschikistan 2019"},"content":{"rendered":"Vier junge Alpinisten starten Ende August zum Bolshaya Ganza und unterst\u00fctzen auf dem Weg eine keniales Kinderhilfsprojektes in Zeravshan-2, Tajikistan. Zusammen mit dem Ausw\u00e4rtigen Amt und dem Zust\u00e4ndigen Mitarbeiter f\u00fcr Kinderrechte vor Ort, helfen die Kletterer Kindern mit Behinderungen und Kindern, die als Waisen und Halbwaisen in die \u00f6rtliche Schule gehen. Danke an die Turkish Airways f\u00fcr die gro\u00dfartige Unterst\u00fctzung beim Transport.<\/p>\n<p><img loading=\"lazy\" decoding=\"async\" class=\"alignnone wp-image-5326 size-large\" src=\"https:\/\/www.kenial.de\/wp-content\/uploads\/2019\/05\/IMG-d5679537d8ee46ceb7a53516c2b230af-V-1024x576.jpg\" alt=\"\" width=\"930\" height=\"523\" srcset=\"https:\/\/www.kenial.de\/wp-content\/uploads\/2019\/05\/IMG-d5679537d8ee46ceb7a53516c2b230af-V-1024x576.jpg 1024w, https:\/\/www.kenial.de\/wp-content\/uploads\/2019\/05\/IMG-d5679537d8ee46ceb7a53516c2b230af-V-600x338.jpg 600w, https:\/\/www.kenial.de\/wp-content\/uploads\/2019\/05\/IMG-d5679537d8ee46ceb7a53516c2b230af-V-640x360.jpg 640w, https:\/\/www.kenial.de\/wp-content\/uploads\/2019\/05\/IMG-d5679537d8ee46ceb7a53516c2b230af-V-768x432.jpg 768w, https:\/\/www.kenial.de\/wp-content\/uploads\/2019\/05\/IMG-d5679537d8ee46ceb7a53516c2b230af-V-800x450.jpg 800w, https:\/\/www.kenial.de\/wp-content\/uploads\/2019\/05\/IMG-d5679537d8ee46ceb7a53516c2b230af-V-285x160.jpg 285w, https:\/\/www.kenial.de\/wp-content\/uploads\/2019\/05\/IMG-d5679537d8ee46ceb7a53516c2b230af-V.jpg 1280w\" sizes=\"auto, (max-width: 930px) 100vw, 930px\" \/><\/p>\n<p><img loading=\"lazy\" decoding=\"async\" class=\"alignnone wp-image-5325 size-full\" src=\"https:\/\/www.kenial.de\/wp-content\/uploads\/2019\/05\/andreas_gump.jpg\" alt=\"\" width=\"960\" height=\"640\" srcset=\"https:\/\/www.kenial.de\/wp-content\/uploads\/2019\/05\/andreas_gump.jpg 960w, https:\/\/www.kenial.de\/wp-content\/uploads\/2019\/05\/andreas_gump-600x400.jpg 600w, https:\/\/www.kenial.de\/wp-content\/uploads\/2019\/05\/andreas_gump-640x427.jpg 640w, https:\/\/www.kenial.de\/wp-content\/uploads\/2019\/05\/andreas_gump-768x512.jpg 768w, https:\/\/www.kenial.de\/wp-content\/uploads\/2019\/05\/andreas_gump-800x533.jpg 800w, https:\/\/www.kenial.de\/wp-content\/uploads\/2019\/05\/andreas_gump-272x182.jpg 272w\" sizes=\"auto, (max-width: 960px) 100vw, 960px\" \/><\/p>\n<p><img loading=\"lazy\" decoding=\"async\" class=\"alignnone wp-image-5324 size-large\" src=\"https:\/\/www.kenial.de\/wp-content\/uploads\/2019\/05\/Bildschirmfoto-2019-05-04-um-22.48.05-1024x682.png\" alt=\"\" width=\"930\" height=\"619\" srcset=\"https:\/\/www.kenial.de\/wp-content\/uploads\/2019\/05\/Bildschirmfoto-2019-05-04-um-22.48.05-1024x682.png 1024w, https:\/\/www.kenial.de\/wp-content\/uploads\/2019\/05\/Bildschirmfoto-2019-05-04-um-22.48.05-600x400.png 600w, https:\/\/www.kenial.de\/wp-content\/uploads\/2019\/05\/Bildschirmfoto-2019-05-04-um-22.48.05-640x426.png 640w, https:\/\/www.kenial.de\/wp-content\/uploads\/2019\/05\/Bildschirmfoto-2019-05-04-um-22.48.05-768x512.png 768w, https:\/\/www.kenial.de\/wp-content\/uploads\/2019\/05\/Bildschirmfoto-2019-05-04-um-22.48.05-800x533.png 800w, https:\/\/www.kenial.de\/wp-content\/uploads\/2019\/05\/Bildschirmfoto-2019-05-04-um-22.48.05-272x182.png 272w, https:\/\/www.kenial.de\/wp-content\/uploads\/2019\/05\/Bildschirmfoto-2019-05-04-um-22.48.05.png 1252w\" sizes=\"auto, (max-width: 930px) 100vw, 930px\" \/>","protected":false},"excerpt":{"rendered":"<p>Vier junge Alpinisten starten Ende August zum Bolshaya Ganza und unterst\u00fctzen auf dem Weg eine keniales Kinderhilfsprojektes in Zeravshan-2, Tajikistan. Zusammen mit dem Ausw\u00e4rtigen Amt und dem Zust\u00e4ndigen Mitarbeiter f\u00fcr Kinderrechte vor Ort, helfen die Kletterer Kindern mit Behinderungen und Kindern, die als Waisen und Halbwaisen in die \u00f6rtliche Schule gehen. Danke an die Turkish&hellip;<\/p>\n","protected":false},"author":1,"featured_media":5323,"comment_status":"closed","ping_status":"open","sticky":false,"template":"","format":"standard","meta":{"footnotes":""},"categories":[1],"tags":[69,7,10],"class_list":["post-5322","post","type-post","status-publish","format-standard","has-post-thumbnail","hentry","category-allgemein","tag-pr","tag-projects","tag-taji"],"_links":{"self":[{"href":"https:\/\/www.kenial.de\/de\/wp-json\/wp\/v2\/posts\/5322","targetHints":{"allow":["GET"]}}],"collection":[{"href":"https:\/\/www.kenial.de\/de\/wp-json\/wp\/v2\/posts"}],"about":[{"href":"https:\/\/www.kenial.de\/de\/wp-json\/wp\/v2\/types\/post"}],"author":[{"embeddable":true,"href":"https:\/\/www.kenial.de\/de\/wp-json\/wp\/v2\/users\/1"}],"replies":[{"embeddable":true,"href":"https:\/\/www.kenial.de\/de\/wp-json\/wp\/v2\/comments?post=5322"}],"version-history":[{"count":0,"href":"https:\/\/www.kenial.de\/de\/wp-json\/wp\/v2\/posts\/5322\/revisions"}],"wp:featuredmedia":[{"embeddable":true,"href":"https:\/\/www.kenial.de\/de\/wp-json\/wp\/v2\/media\/5323"}],"wp:attachment":[{"href":"https:\/\/www.kenial.de\/de\/wp-json\/wp\/v2\/media?parent=5322"}],"wp:term":[{"taxonomy":"category","embeddable":true,"href":"https:\/\/www.kenial.de\/de\/wp-json\/wp\/v2\/categories?post=5322"},{"taxonomy":"post_tag","embeddable":true,"href":"https:\/\/www.kenial.de\/de\/wp-json\/wp\/v2\/tags?post=5322"}],"curies":[{"name":"wp","href":"https:\/\/api.w.org\/{rel}","templated":true}]}}