{"id":4376,"date":"2018-06-24T16:41:22","date_gmt":"2018-06-24T14:41:22","guid":{"rendered":"https:\/\/www.kenial.de\/de\/?p=4376"},"modified":"2021-04-24T20:41:39","modified_gmt":"2021-04-24T18:41:39","slug":"die-guerteltiere-im-fernsehen","status":"publish","type":"post","link":"https:\/\/www.kenial.de\/de\/die-guerteltiere-im-fernsehen\/","title":{"rendered":"Die G\u00fcrteltiere im Fernsehen"},"content":{"rendered":"Wo kommen eigentlich die G\u00fcrtel aus alten Seilen her? Wer macht die? Das fragte sich Allg\u00e4u TV und hat direkt einen Besuch bei Gabriele und Wolfgang gemacht. Zu sehen ist der Film hier:<\/p>\n<p><iframe loading=\"lazy\" width=\"560\" height=\"315\" src=\"https:\/\/www.youtube.com\/embed\/3XpfDLz0OHk?rel=0&amp;start=1535\" frameborder=\"0\" allow=\"autoplay; encrypted-media\" allowfullscreen><\/iframe><\/p>\n<p><img loading=\"lazy\" decoding=\"async\" class=\"alignnone wp-image-4378 size-large\" src=\"https:\/\/www.kenial.de\/wp-content\/uploads\/2018\/06\/allgautv1-1024x855.jpg\" alt=\"\" width=\"930\" height=\"777\" srcset=\"https:\/\/www.kenial.de\/wp-content\/uploads\/2018\/06\/allgautv1-1024x855.jpg 1024w, https:\/\/www.kenial.de\/wp-content\/uploads\/2018\/06\/allgautv1-600x501.jpg 600w, https:\/\/www.kenial.de\/wp-content\/uploads\/2018\/06\/allgautv1-640x534.jpg 640w, https:\/\/www.kenial.de\/wp-content\/uploads\/2018\/06\/allgautv1-768x641.jpg 768w, https:\/\/www.kenial.de\/wp-content\/uploads\/2018\/06\/allgautv1-800x668.jpg 800w, https:\/\/www.kenial.de\/wp-content\/uploads\/2018\/06\/allgautv1.jpg 1078w\" sizes=\"auto, (max-width: 930px) 100vw, 930px\" \/><\/p>\n<p><img loading=\"lazy\" decoding=\"async\" class=\"alignnone size-full wp-image-4379\" src=\"https:\/\/www.kenial.de\/wp-content\/uploads\/2018\/06\/allgautv4.jpg\" alt=\"\" width=\"653\" height=\"641\" srcset=\"https:\/\/www.kenial.de\/wp-content\/uploads\/2018\/06\/allgautv4.jpg 653w, https:\/\/www.kenial.de\/wp-content\/uploads\/2018\/06\/allgautv4-600x589.jpg 600w, https:\/\/www.kenial.de\/wp-content\/uploads\/2018\/06\/allgautv4-640x628.jpg 640w, https:\/\/www.kenial.de\/wp-content\/uploads\/2018\/06\/allgautv4-70x70.jpg 70w\" sizes=\"auto, (max-width: 653px) 100vw, 653px\" \/>","protected":false},"excerpt":{"rendered":"<p>Wo kommen eigentlich die G\u00fcrtel aus alten Seilen her? Wer macht die? Das fragte sich Allg\u00e4u TV und hat direkt einen Besuch bei Gabriele und Wolfgang gemacht. Zu sehen ist der Film hier:<\/p>\n","protected":false},"author":1,"featured_media":4377,"comment_status":"closed","ping_status":"open","sticky":false,"template":"","format":"standard","meta":{"footnotes":""},"categories":[281,1],"tags":[135,134],"class_list":["post-4376","post","type-post","status-publish","format-standard","has-post-thumbnail","hentry","category-kenial-mountains","category-allgemein","tag-belts","tag-film"],"_links":{"self":[{"href":"https:\/\/www.kenial.de\/de\/wp-json\/wp\/v2\/posts\/4376","targetHints":{"allow":["GET"]}}],"collection":[{"href":"https:\/\/www.kenial.de\/de\/wp-json\/wp\/v2\/posts"}],"about":[{"href":"https:\/\/www.kenial.de\/de\/wp-json\/wp\/v2\/types\/post"}],"author":[{"embeddable":true,"href":"https:\/\/www.kenial.de\/de\/wp-json\/wp\/v2\/users\/1"}],"replies":[{"embeddable":true,"href":"https:\/\/www.kenial.de\/de\/wp-json\/wp\/v2\/comments?post=4376"}],"version-history":[{"count":0,"href":"https:\/\/www.kenial.de\/de\/wp-json\/wp\/v2\/posts\/4376\/revisions"}],"wp:featuredmedia":[{"embeddable":true,"href":"https:\/\/www.kenial.de\/de\/wp-json\/wp\/v2\/media\/4377"}],"wp:attachment":[{"href":"https:\/\/www.kenial.de\/de\/wp-json\/wp\/v2\/media?parent=4376"}],"wp:term":[{"taxonomy":"category","embeddable":true,"href":"https:\/\/www.kenial.de\/de\/wp-json\/wp\/v2\/categories?post=4376"},{"taxonomy":"post_tag","embeddable":true,"href":"https:\/\/www.kenial.de\/de\/wp-json\/wp\/v2\/tags?post=4376"}],"curies":[{"name":"wp","href":"https:\/\/api.w.org\/{rel}","templated":true}]}}