{"id":3667,"date":"2017-09-18T22:34:58","date_gmt":"2017-09-18T20:34:58","guid":{"rendered":"https:\/\/www.kenial.de\/de\/?p=3667"},"modified":"2021-04-24T20:43:13","modified_gmt":"2021-04-24T18:43:13","slug":"kenial-kochen-bis-zum-7-grad","status":"publish","type":"post","link":"https:\/\/www.kenial.de\/de\/kenial-kochen-bis-zum-7-grad\/","title":{"rendered":"kenial kochen bis zum 7. Grad"},"content":{"rendered":"Es ist da! <strong>kenial kochen bis zum 7. Grad<\/strong> ist ein Kochbuch aus den Bergen. 176 Seiten stark. Es ist eine Sammlung von Gerichten, die Bergmenschen von draussen mitgebracht haben. Manche von ihnen reisen um die ganze Erde \u2013 ein Leben lang. Andere bleiben am liebsten in ihrem engen Tal. Vom Profikletterer zum Boulderer. Vom Hirten zur H\u00fcttenwirtin. Alle 27 Bergmenschen schreiben \u00fcber ihr Leben, den Ort ihrer Tr\u00e4ume und dar\u00fcber, was ihnen Kraft verleiht &#8211; begleitet von phantastischen Photographien. Und jeder verr\u00e4t ein Rezept. Gekocht wird in den alpinen Schwierigkeitsgraden 4a bis 7a. Eine Eiskletterwertung mit WI1 gibt es auch. So verschieden wie die Bergmenschen in diesem Buch, so verschieden sind die Gerichte. Von salzig bis s\u00fc\u00df, von aufwendig bis ganz einfach. Alpenl\u00e4ndisch oder exotisch. Wie bei Oma oder einfach ausgedacht. Jedes Rezept ist mit Zutatenliste versehen und Schritt f\u00fcr Schritt erkl\u00e4rt.<\/p>\n<p>Die Bergmenschen sind Peter Ortner \u2022 Alexander Huber \u2022 Klaus Wanger \u2022 Alix von Melle \u2022 David G\u00f6ttler \u2022 Hanspeter Eisendle \u2022 Nina H\u00f6lmer \u2022 Ewa Kalisiewicz, Tim Howell \u2022 Manuela Federl \u2022 Heidi von Wettstein \u2022 Luis Stitzinger \u2022 Nasim Eshqi \u2022 Albert Precht \u2022 Anna Niederegger \u2022 Ines Papert \u2022 Helmut Gargitter \u2022 Verena Stitzinger \u2022 Eva von Melle \u2022 Monika Retschy \u2022 Florian Karg \u2022 Moritz Hans \u2022 Martin Sambale \u2022 J\u00fcrgen Reinm\u00fcller \u2022 Lorenz Hartmann \u2022 Dominik M\u00fcller \u2022 Michaela Zimmermann<\/p>\n<p>Der Erl\u00f6s aus dem Verkauf geht an die Kinderhilfsprojekte des Vereins KENIAL e.V. Das Buch ist online unter <a href=\"http:\/\/www.kenialkochen.de\" target=\"_blank\" rel=\"noopener\">www.kenialkochen.de<\/a><\/p>\n<p><img loading=\"lazy\" decoding=\"async\" class=\"alignnone wp-image-3585 size-medium\" src=\"https:\/\/www.kenial.de\/wp-content\/uploads\/2017\/09\/kobu_titel2-e1504786497365-640x332.jpg\" alt=\"\" width=\"640\" height=\"332\" srcset=\"https:\/\/www.kenial.de\/wp-content\/uploads\/2017\/09\/kobu_titel2-e1504786497365-640x332.jpg 640w, https:\/\/www.kenial.de\/wp-content\/uploads\/2017\/09\/kobu_titel2-e1504786497365-600x311.jpg 600w, https:\/\/www.kenial.de\/wp-content\/uploads\/2017\/09\/kobu_titel2-e1504786497365-768x398.jpg 768w, https:\/\/www.kenial.de\/wp-content\/uploads\/2017\/09\/kobu_titel2-e1504786497365-1024x531.jpg 1024w, https:\/\/www.kenial.de\/wp-content\/uploads\/2017\/09\/kobu_titel2-e1504786497365-1920x995.jpg 1920w, https:\/\/www.kenial.de\/wp-content\/uploads\/2017\/09\/kobu_titel2-e1504786497365-800x415.jpg 800w\" sizes=\"auto, (max-width: 640px) 100vw, 640px\" \/><\/p>\n<p><img loading=\"lazy\" decoding=\"async\" class=\"alignnone wp-image-3587 size-full\" src=\"https:\/\/www.kenial.de\/wp-content\/uploads\/2017\/09\/kobu3-300x163.jpg\" alt=\"\" width=\"300\" height=\"163\" \/><\/p>\n<p><img loading=\"lazy\" decoding=\"async\" class=\"alignnone size-full wp-image-3586\" src=\"https:\/\/www.kenial.de\/wp-content\/uploads\/2017\/09\/kobu2-300x163.jpg\" alt=\"\" width=\"300\" height=\"163\" \/>","protected":false},"excerpt":{"rendered":"<p>Es ist da! kenial kochen bis zum 7. Grad ist ein Kochbuch aus den Bergen. 176 Seiten stark. Es ist eine Sammlung von Gerichten, die Bergmenschen von draussen mitgebracht haben. Manche von ihnen reisen um die ganze Erde \u2013 ein Leben lang. Andere bleiben am liebsten in ihrem engen Tal. Vom Profikletterer zum Boulderer. Vom&hellip;<\/p>\n","protected":false},"author":1,"featured_media":3591,"comment_status":"closed","ping_status":"open","sticky":false,"template":"","format":"standard","meta":{"footnotes":""},"categories":[281,1],"tags":[],"class_list":["post-3667","post","type-post","status-publish","format-standard","has-post-thumbnail","hentry","category-kenial-mountains","category-allgemein"],"_links":{"self":[{"href":"https:\/\/www.kenial.de\/de\/wp-json\/wp\/v2\/posts\/3667","targetHints":{"allow":["GET"]}}],"collection":[{"href":"https:\/\/www.kenial.de\/de\/wp-json\/wp\/v2\/posts"}],"about":[{"href":"https:\/\/www.kenial.de\/de\/wp-json\/wp\/v2\/types\/post"}],"author":[{"embeddable":true,"href":"https:\/\/www.kenial.de\/de\/wp-json\/wp\/v2\/users\/1"}],"replies":[{"embeddable":true,"href":"https:\/\/www.kenial.de\/de\/wp-json\/wp\/v2\/comments?post=3667"}],"version-history":[{"count":0,"href":"https:\/\/www.kenial.de\/de\/wp-json\/wp\/v2\/posts\/3667\/revisions"}],"wp:featuredmedia":[{"embeddable":true,"href":"https:\/\/www.kenial.de\/de\/wp-json\/wp\/v2\/media\/3591"}],"wp:attachment":[{"href":"https:\/\/www.kenial.de\/de\/wp-json\/wp\/v2\/media?parent=3667"}],"wp:term":[{"taxonomy":"category","embeddable":true,"href":"https:\/\/www.kenial.de\/de\/wp-json\/wp\/v2\/categories?post=3667"},{"taxonomy":"post_tag","embeddable":true,"href":"https:\/\/www.kenial.de\/de\/wp-json\/wp\/v2\/tags?post=3667"}],"curies":[{"name":"wp","href":"https:\/\/api.w.org\/{rel}","templated":true}]}}